{"id":139,"date":"2015-06-28T13:25:07","date_gmt":"2015-06-28T11:25:07","guid":{"rendered":"http:\/\/www.lecoeurelephant.com\/?p=139"},"modified":"2017-04-09T08:59:23","modified_gmt":"2017-04-09T06:59:23","slug":"milano-italia","status":"publish","type":"post","link":"http:\/\/www.lecoeurelephant.com\/gb\/milano-italia\/","title":{"rendered":"Milano &#8211; Italia"},"content":{"rendered":"<div style=\"text-align: justify;\">Monsieur veut s&#8217;organiser un week-end en Italie pour tester des terrains de Moto-cross, Madame accepte de l&#8217;accompagner \u00e0 condition de pouvoir go\u00fbter \u00e0 la <strong>Dolce Vita<\/strong>. L&#8217;affaire est conclue.<br \/>\nLe terrain de Cross de Lodi, connu par les Bikers pour avoir la particularit\u00e9 d&#8217;ouvrir de nuit, se situe \u00e0 proximit\u00e9 de Milan, c&#8217;est donc l\u00e0 que nous nous \u00e9tablirons.<\/p>\n<hr \/>\n<p><span style=\"color: #993300;\"><em>S&#8217;en suit un petit tour sur le site de <strong><a style=\"color: #993300;\" href=\"http:\/\/www.fr.lastminute.com\/\">lastminute<\/a><\/strong> et nous r\u00e9servons un &#8220;<strong>topsecrethotels<\/strong>&#8220;, c&#8217;est un avantage offert par le site, le but \u00e9tant de profiter d&#8217;un h\u00f4tel, g\u00e9n\u00e9ralement <strong>luxueux<\/strong>, \u00e0 moindre co\u00fbt mais sans savoir duquel il s&#8217;agit, ne sont fournies que quelques pistes concernant son emplacement et, \u00e9videmment, sa cat\u00e9gorie. Nous nous offrons donc une chambre surprise dans un h\u00f4tel 5 \u00e9toiles b\u00e9n\u00e9ficiant d&#8217;un emplacement central.<\/em><\/span><\/p>\n<hr \/>\n<p>Nous voil\u00e0 donc partis, pour Milan \u00e0 la d\u00e9couverte de notre jolie chambre et on peut dire que nous n&#8217;avons pas \u00e9t\u00e9 d\u00e9\u00e7us. L&#8217;h\u00f4tel est bien situ\u00e9, pas tr\u00e8s loin du centre historique, en face d&#8217;un supermarch\u00e9 mais dans une rue peu passante, donc calme. Nous pourrons rayonner \u00e0 pieds comme pr\u00e9vu. Tout y est, comme promis, tr\u00e8s luxueux et nous rions d&#8217;avance \u00e0 l&#8217;id\u00e9e de rentrer tout crott\u00e9s par la boue du terrain de cross le soir m\u00eame.<\/p>\n<\/div>\n<p>&nbsp;<\/p>\n<div style=\"text-align: justify;\"><img loading=\"lazy\" class=\"wp-image-141 size-full aligncenter\" src=\"http:\/\/www.lecoeurelephant.com\/wp-content\/uploads\/2016\/12\/Chambre.png\" width=\"1024\" height=\"303\" srcset=\"http:\/\/www.lecoeurelephant.com\/wp-content\/uploads\/2016\/12\/Chambre.png 1024w, http:\/\/www.lecoeurelephant.com\/wp-content\/uploads\/2016\/12\/Chambre-300x89.png 300w, http:\/\/www.lecoeurelephant.com\/wp-content\/uploads\/2016\/12\/Chambre-768x227.png 768w\" sizes=\"(max-width: 1024px) 100vw, 1024px\" \/><\/div>\n<div style=\"text-align: justify;\"><\/div>\n<div style=\"text-align: justify;\">Apr\u00e8s s&#8217;\u00eatre un peu rafra\u00eechit, nous filons vers le<strong> terrain de MX de Lodi<\/strong> et Bastien roule tranquillement toute la fin d&#8217;apr\u00e8s midi et d\u00e9but de soir\u00e9e, un terrain facile et peu int\u00e9ressant pour les exp\u00e9riment\u00e9s, du moins lors de notre passage, mais qui a cette particularit\u00e9 de proposer des <strong>cessions de nuit<\/strong>, ce qui ne se trouve pas en France et en fait donc une attraction pour les amateurs de ce sport. Pour plus d&#8217;informations, n&#8217;h\u00e9sitez pas \u00e0 aller consulter leur <strong><span style=\"color: #993300;\"><a style=\"color: #993300;\" href=\"http:\/\/www.lodicross.it\/\">site internet<\/a><\/span><\/strong> ou leur page <span style=\"color: #993300;\"><strong><a style=\"color: #993300;\" href=\"https:\/\/www.facebook.com\/lodi.cross\/?fref=ts\">facebook<\/a><\/strong><\/span>.<\/div>\n<div style=\"text-align: justify;\">Sur la route du retour, nous nous arr\u00eatons dans un quartier anim\u00e9 de Milan et nous laissons guider par notre instinct et par le flux des gens. Nous nous installons sur la terrasse d&#8217;un restaurant situ\u00e9 sur une avenue passante, \u00e0 dire vrai nous ne savons pas o\u00f9 nous sommes exactement, d&#8217;ailleurs la cuisine n&#8217;est pas fameuse mais se laisse manger. Un <strong>spritz<\/strong> \u00e0 la main, quelques gressins, des passants, de la <strong>musique<\/strong> et nous sommes confortablement install\u00e9s dans l&#8217;ambiance.<br \/>\nCe n&#8217;est que quelques heures plus tard que nous rejoindrons notre h\u00f4tel incognito, seule la r\u00e9ceptionniste aura peut-\u00eatre remarqu\u00e9 nos v\u00eatements un peu poussi\u00e9reux, mais qu&#8217;importe, nous sommes biens.<\/div>\n<p>&nbsp;<\/p>\n<h5><span style=\"color: #993300;\"><strong>Un jour pour d\u00e9couvrir Milan<\/strong><\/span><\/h5>\n<div id=\"attachment_148\" style=\"width: 310px\" class=\"wp-caption alignright\"><img aria-describedby=\"caption-attachment-148\" loading=\"lazy\" class=\"wp-image-148 size-medium\" src=\"http:\/\/www.lecoeurelephant.com\/wp-content\/uploads\/2016\/12\/Ptit-d\u00e9j-300x300.png\" width=\"300\" height=\"300\" srcset=\"http:\/\/www.lecoeurelephant.com\/wp-content\/uploads\/2016\/12\/Ptit-d\u00e9j-300x300.png 300w, http:\/\/www.lecoeurelephant.com\/wp-content\/uploads\/2016\/12\/Ptit-d\u00e9j-150x150.png 150w, http:\/\/www.lecoeurelephant.com\/wp-content\/uploads\/2016\/12\/Ptit-d\u00e9j.png 600w\" sizes=\"(max-width: 300px) 100vw, 300px\" \/><p id=\"caption-attachment-148\" class=\"wp-caption-text\">Petit d\u00e9jeuner Milanais<\/p><\/div>\n<div style=\"text-align: justify;\">\n<p>Pour commencer notre journ\u00e9e Milanaise nous nous laissons d&#8217;abord s\u00e9duire par un petit d\u00e9jeuner \u00e0 l&#8217;Italienne. Cappuccino, viennoiseries et jus de fruits frais, l\u00e0 encore nous avons choisi une table \u00e0 l&#8217;instinct, mais cette fois le go\u00fbt y est. Nous nous essayons \u00e0 une p\u00e2tisserie Italienne bien nourrissante la &#8220;<strong>sfogliatella<\/strong>&#8220;, une p\u00e2te feuillet\u00e9e extra croustillante fourr\u00e9e \u00e0 la <strong>ricotta vanill\u00e9e<\/strong>, \u00e7a se d\u00e9guste chaud et c&#8217;est dr\u00f4lement bon. De quoi prendre des forces avant de nous diriger vers notre premi\u00e8re \u00e9tape.<\/p>\n<h6><strong><span style=\"color: #993300;\">Le Castello Sforzesco, <\/span><\/strong><\/h6>\n<p>L\u00e0 entre les arbres au beau milieu du <strong>Parc Sampione<\/strong> nous voyons appara\u00eetre cet imposant monument. Nous prenons notre temps pour en admirer tous les recoins, nous en faisons le tour, en appr\u00e9hendons <strong>l&#8217;immensit\u00e9<\/strong> et choisissons de ne pas visiter les mus\u00e9es qui l&#8217;entourent. Force est de reconna\u00eetre que nous manquons de temps pour nous adonner \u00e0 ces <strong>d\u00e9couvertes historiques<\/strong>, mais que les amateurs se r\u00e9galent il y a assez de mus\u00e9es de toutes sortes autour du ch\u00e2teau pour pouvoir y passer une bonne partie de la journ\u00e9e.Pour en savoir plus sur ce lieu plein d&#8217;histoire et toutes les choses que vous pouvez y d\u00e9couvrir, rendez-vous sur le <span style=\"color: #993300;\"><strong><a style=\"color: #993300;\" href=\"https:\/\/www.milanocastello.it\/\">site officiel<\/a><\/strong> <\/span>du Castello Sforzesco.<\/p>\n<div id=\"attachment_155\" style=\"width: 888px\" class=\"wp-caption aligncenter\"><img aria-describedby=\"caption-attachment-155\" loading=\"lazy\" class=\"wp-image-155 size-full\" src=\"http:\/\/www.lecoeurelephant.com\/wp-content\/uploads\/2016\/12\/Milano.png\" width=\"878\" height=\"288\" srcset=\"http:\/\/www.lecoeurelephant.com\/wp-content\/uploads\/2016\/12\/Milano.png 878w, http:\/\/www.lecoeurelephant.com\/wp-content\/uploads\/2016\/12\/Milano-300x98.png 300w, http:\/\/www.lecoeurelephant.com\/wp-content\/uploads\/2016\/12\/Milano-768x252.png 768w\" sizes=\"(max-width: 878px) 100vw, 878px\" \/><p id=\"caption-attachment-155\" class=\"wp-caption-text\">Castello Sforzesco \/ Piazza del Duomo \/ Castello Sforzesco,<\/p><\/div>\n<h6><span style=\"color: #993300;\"><strong>La Piazza del Duomo,<\/strong><\/span><\/h6>\n<p>Nous continuons notre p\u00e9riple vers l&#8217;incontournable <strong>D\u00f4me<\/strong> de Milan, un tr\u00e9sor de l&#8217;art <strong>gothique<\/strong> et la troisi\u00e8me plus grande cath\u00e9drale du monde. M\u00eame l&#8217;affluence de touristes et de vendeurs \u00e0 la sauvette n&#8217;arrive pas \u00e0 g\u00e2cher ce moment <strong>extraordinaire<\/strong> qu&#8217;est la d\u00e9couverte de cette fa\u00e7ade. Une merveille architecturale \u00e0 la hauteur de sa r\u00e9putation.<\/p>\n<div id=\"attachment_165\" style=\"width: 310px\" class=\"wp-caption alignright\"><img aria-describedby=\"caption-attachment-165\" loading=\"lazy\" class=\"wp-image-165 size-medium\" src=\"http:\/\/www.lecoeurelephant.com\/wp-content\/uploads\/2016\/12\/PIAZZA-300x200.jpg\" width=\"300\" height=\"200\" srcset=\"http:\/\/www.lecoeurelephant.com\/wp-content\/uploads\/2016\/12\/PIAZZA-300x200.jpg 300w, http:\/\/www.lecoeurelephant.com\/wp-content\/uploads\/2016\/12\/PIAZZA-768x511.jpg 768w, http:\/\/www.lecoeurelephant.com\/wp-content\/uploads\/2016\/12\/PIAZZA.jpg 800w\" sizes=\"(max-width: 300px) 100vw, 300px\" \/><p id=\"caption-attachment-165\" class=\"wp-caption-text\">Piazza del Duomo<\/p><\/div>\n<p>Il en va de m\u00eame pour la place qui l\u2019accueille, offrant un panorama rectangulaire sur divers monuments \u00e0 l&#8217;architecture vari\u00e9e qui, \u00e0 d\u00e9faut d&#8217;accaparer l\u2019\u0153il, met encore d&#8217;avantage en valeur la <strong>cath\u00e9drale<\/strong> qui s&#8217;\u00e9l\u00e8ve en son centre. On y d\u00e9couvre \u00e9galement la statue de <strong>Vittorio Emanuele II<\/strong>, bien discr\u00e8te malgr\u00e9 sa hauteur. Mais que ce Monsieur se rassure, <strong>les galeries<\/strong> qui portent son nom, et que nous d\u00e9couvrirons par la suite, sont quand \u00e0 elles tout \u00e0 fait \u00e0 la hauteur.<\/p>\n<hr \/>\n<p><em><span style=\"color: #993300;\">Malheureusement pour nous, nous ne pourrons pas vous parler de l&#8217;int\u00e9rieur de la Cath\u00e9drale, effectivement, c&#8217;est l&#8217;\u00e9t\u00e9 nous sommes tout les deux en short et d\u00e9bardeur, une situation vestimentaire qui nous aura valu un refus tout net d&#8217;entr\u00e9e.<\/span><\/em><br \/>\n<em><span style=\"color: #993300;\"> \u21d2 Nous n&#8217;avons pas voulu retourner \u00e0 l&#8217;h\u00f4tel nous changer. Par cons\u00e9quents, mes petits \u00e9l\u00e9phants, <strong>prenez garde<\/strong> \u00e0 couvrir vos jambes et \u00e9paules si vous souhaitez entrer dans la cath\u00e9drale en plein \u00e9t\u00e9 !<\/span><\/em><\/p>\n<hr \/>\n<h6><span style=\"color: #993300;\"><strong>Galleria Vittorio Emanuele II,<br \/>\n<\/strong><\/span><\/h6>\n<p>Un peu contrari\u00e9s par notre m\u00e9saventure, nous choisissons de nous engager dans la <strong>Via Torino<\/strong>, connue pour abriter de nombreuses enseignes embl\u00e9matiques de <strong>la mode<\/strong>, de quoi faire du shopping de <strong>luxe<\/strong> et pourquoi pas, sur un malentendu, trouver de quoi se v\u00eatir pour entrer dans le D\u00f4me. Nous sommes rentr\u00e9s dans plusieurs boutiques, nous sommes pris pour des fashion victims, avons essay\u00e9 plusieurs v\u00eatements \u00e0 la recherche du bon plan ou du <strong>coup de coeur<\/strong>. Bref nous avons fait du l\u00e8che vitrine mais pas de <strong>shopping<\/strong>. Amus\u00e9s, nous nous sommes mis en qu\u00eate d&#8217;un petit coin pour nous restaurer.<br \/>\nMauvaise id\u00e9e que de chercher \u00e0 se nourrir dans un des coins les plus touristiques de Milan, une <strong>pizza et les p\u00e2tes<\/strong> les plus infectes qui soient plus tard, nous nous dirigeons cette fois vers les fameuses Galeries.<\/p>\n<div id=\"attachment_158\" style=\"width: 889px\" class=\"wp-caption aligncenter\"><img aria-describedby=\"caption-attachment-158\" loading=\"lazy\" class=\"size-full wp-image-158\" src=\"http:\/\/www.lecoeurelephant.com\/wp-content\/uploads\/2016\/12\/galleries.png\" alt=\"\" width=\"879\" height=\"285\" srcset=\"http:\/\/www.lecoeurelephant.com\/wp-content\/uploads\/2016\/12\/galleries.png 879w, http:\/\/www.lecoeurelephant.com\/wp-content\/uploads\/2016\/12\/galleries-300x97.png 300w, http:\/\/www.lecoeurelephant.com\/wp-content\/uploads\/2016\/12\/galleries-768x249.png 768w\" sizes=\"(max-width: 879px) 100vw, 879px\" \/><p id=\"caption-attachment-158\" class=\"wp-caption-text\">Galleria Vittorio Emanuele II<\/p><\/div>\n<p>Pour le coup, nous ne sommes pas d\u00e9\u00e7us, c&#8217;est grand, <strong>majestueux<\/strong>, luxueux, immense. Il y a tellement de gens, pourtant on ne se sent pas engonc\u00e9 ni assailli par les commerces. Boutiques, caf\u00e9s, restaurants, r\u00e9sidences, nous voil\u00e0 dans une ville <strong>n\u00e9o-classique baroque<\/strong> couverte. C&#8217;est plut\u00f4t \u00e9tonnant et ravissant, nous nous laissons tr\u00e8s vite s\u00e9duire par le <strong>charme<\/strong> des lieux et sommes conquis.<\/p>\n<h6><span style=\"color: #993300;\"><strong>La surprise du jour<\/strong><\/span><\/h6>\n<div id=\"attachment_164\" style=\"width: 310px\" class=\"wp-caption alignleft\"><img aria-describedby=\"caption-attachment-164\" loading=\"lazy\" class=\"wp-image-164 size-medium\" src=\"http:\/\/www.lecoeurelephant.com\/wp-content\/uploads\/2016\/12\/ikea-300x233.png\" width=\"300\" height=\"233\" srcset=\"http:\/\/www.lecoeurelephant.com\/wp-content\/uploads\/2016\/12\/ikea-300x233.png 300w, http:\/\/www.lecoeurelephant.com\/wp-content\/uploads\/2016\/12\/ikea.png 594w\" sizes=\"(max-width: 300px) 100vw, 300px\" \/><p id=\"caption-attachment-164\" class=\"wp-caption-text\">Ikea temporaire \/ Atelier cuisine<\/p><\/div>\n<p>L&#8217;apr\u00e8s midi est d\u00e9j\u00e0 bien entam\u00e9 et nous d\u00e9cidons donc de partir vers notre destination de d\u00e9but de soir\u00e9e \u00e0 savoir le tr\u00e8s populaire quartier des <strong>Navigli<\/strong>. Sur la route nous nous accordons un peu de repos allong\u00e9s dans l&#8217;herbe du Parco delle Basiliche avant de repartir vers notre destination.<br \/>\nC&#8217;est l\u00e0, au d\u00e9tour d&#8217;une rue, que nous d\u00e9couvrons un grand <strong>rideau<\/strong> blanc qui flotte devant une fa\u00e7ade, des gens y entrent et sortent. Notre <strong>curiosit\u00e9<\/strong> est interpell\u00e9e, nous d\u00e9cidons de passer le rideau.<br \/>\nDe l&#8217;autre c\u00f4t\u00e9, nous sommes accueillis avec un verre de <strong>prosecco<\/strong> et des plateaux d&#8217;amuses bouches distribu\u00e9s par des enfants. Plut\u00f4t agr\u00e9able comme surprise. Nous voil\u00e0 en plein c\u0153ur d&#8217;un Ikea temporaire, il n&#8217;y a pas \u00e0 dire ils sont plut\u00f4t dou\u00e9s niveau <strong>marketing<\/strong> chez Ikea. Un petit magasin temporaire, de la musique des ateliers et animations, ce sont les enfants qui sont \u00e0 l&#8217;honneur dans l&#8217;atelier de cuisine o\u00f9 ils confectionnent les amuses bouches qu&#8217;ils nous distribuent ensuite le tout, \u00e9videmment, avec les produits IKEA. C&#8217;est une <strong>jolie<\/strong> d\u00e9couverte que nous appr\u00e9cions pleinement.<\/p>\n<h6><strong><span style=\"color: #993300;\">Navigli de Milan<\/span><\/strong><\/h6>\n<p>Nous finissons notre journ\u00e9e Milanaise au <strong>c\u0153ur<\/strong> du quartier des Navigli, connu pour ses animations et son <strong>folklore populaire<\/strong> c&#8217;est ici que nous passerons la soir\u00e9e. Nous prenons le temps de nous impr\u00e9gner des lieux, balades le long des canaux, expositions d&#8217;art, de bijoux, musiciens et <strong>artistes<\/strong> des rues, fa\u00e7ades tagu\u00e9es, nous nous plongeons dans <strong>l&#8217;ambiance<\/strong> avec plaisir et sans difficult\u00e9s.<br \/>\nNous nous laisserons bien s\u00fbre tenter par les <strong>aperitivi<\/strong>, un premier nous proposant une planche de fromages ou charcuteries et un cocktail pour 10 \u20ac, puis, un peu plus tard, un second et plus r\u00e9pandu la formule \u00e0 10\u20ac comprenant un<strong> cocktail<\/strong> au choix et l&#8217;acc\u00e8s illimit\u00e9 \u00e0 un buffet sal\u00e9 et sucr\u00e9. De quoi se contenter la panse, nous les appr\u00e9cions avec plus d\u2019<strong>enthousiasme<\/strong> que les restaurants que nous avons visit\u00e9s pr\u00e9c\u00e9demment.<\/p>\n<div id=\"attachment_168\" style=\"width: 1034px\" class=\"wp-caption alignnone\"><img aria-describedby=\"caption-attachment-168\" loading=\"lazy\" class=\"wp-image-168 size-large\" src=\"http:\/\/www.lecoeurelephant.com\/wp-content\/uploads\/2016\/12\/navigli-1024x338.png\" width=\"1024\" height=\"338\" srcset=\"http:\/\/www.lecoeurelephant.com\/wp-content\/uploads\/2016\/12\/navigli-1024x338.png 1024w, http:\/\/www.lecoeurelephant.com\/wp-content\/uploads\/2016\/12\/navigli-300x99.png 300w, http:\/\/www.lecoeurelephant.com\/wp-content\/uploads\/2016\/12\/navigli-768x254.png 768w, http:\/\/www.lecoeurelephant.com\/wp-content\/uploads\/2016\/12\/navigli-1200x396.png 1200w, http:\/\/www.lecoeurelephant.com\/wp-content\/uploads\/2016\/12\/navigli.png 1562w\" sizes=\"(max-width: 1024px) 100vw, 1024px\" \/><p id=\"caption-attachment-168\" class=\"wp-caption-text\">Navigli di Milano<\/p><\/div>\n<p>Finalement nous aurons rayonn\u00e9 \u00e0 pieds tout le long de la <strong>journ\u00e9e<\/strong>, sur le chemin du retour \u00e0 l&#8217;h\u00f4tel nous nous laisserons s\u00e9duire par un dernier cocktail dans la <strong>nuit estivale<\/strong>, autant dire que la ville est vivante et la Dolce Vita bien pr\u00e9sente. Une jolie journ\u00e9e \u00e0 <strong>l&#8217;Italienne<\/strong> qui nous aura bien plu.<\/p>\n<p>Le lendemain nous nous dirigeons vers le terrain de moto-cross de Dorno, une journ\u00e9e d&#8217;animation (<strong>La sagrada del gas<\/strong>) y est pr\u00e9vu de quoi contenter Monsieur mais \u00e9galement Madame qui assistera \u00e0 des <strong>shows<\/strong> amateurs dans une ambiance conviviale. Pour plus d&#8217;information rendez-vous sur le <span style=\"color: #993300;\"><strong><a style=\"color: #993300;\" href=\"http:\/\/www.motocrossdorno.com\/\">site officiel<\/a> <\/strong><span style=\"color: #000000;\">ou la page<\/span><strong><a style=\"color: #993300;\" href=\"https:\/\/www.facebook.com\/Motocross-DORNO-679416248736080\/?ref=ts&amp;fref=ts\"> facebook <\/a><\/strong><span style=\"color: #000000;\">du terrain.<\/span><\/span><\/p>\n<p>En esp\u00e9rant que cet article vous fournisse des pistes dans le cas d&#8217;un mini week end Milanais, \u00e0 bient\u00f4t les petits \u00e9l\u00e9phants.<\/p>\n<p>J&amp;B<\/p>\n<\/div>\n<p><img loading=\"lazy\" class=\"size-full wp-image-241 aligncenter\" src=\"http:\/\/www.lecoeurelephant.com\/wp-content\/uploads\/2015\/06\/MX.png\" alt=\"\" width=\"773\" height=\"210\" srcset=\"http:\/\/www.lecoeurelephant.com\/wp-content\/uploads\/2015\/06\/MX.png 773w, http:\/\/www.lecoeurelephant.com\/wp-content\/uploads\/2015\/06\/MX-300x82.png 300w, http:\/\/www.lecoeurelephant.com\/wp-content\/uploads\/2015\/06\/MX-768x209.png 768w\" sizes=\"(max-width: 773px) 100vw, 773px\" \/><\/p>\n","protected":false},"excerpt":{"rendered":"<p>Monsieur veut s&#8217;organiser un week-end en Italie pour tester des terrains de Moto-cross, Madame accepte de l&#8217;accompagner \u00e0 condition de pouvoir go\u00fbter \u00e0 la Dolce Vita. L&#8217;affaire est conclue. Le terrain de Cross de Lodi, connu par les Bikers pour avoir la particularit\u00e9 d&#8217;ouvrir de nuit, se situe \u00e0 proximit\u00e9 de Milan, c&#8217;est donc l\u00e0 [&hellip;]<\/p>\n","protected":false},"author":1,"featured_media":643,"comment_status":"closed","ping_status":"closed","sticky":false,"template":"","format":"gallery","meta":{"spay_email":""},"categories":[20],"tags":[],"translation":{"provider":"WPGlobus","version":"3.0.1","language":"gb","enabled_languages":["fr","gb"],"languages":{"fr":{"title":true,"content":true,"excerpt":false},"gb":{"title":false,"content":false,"excerpt":false}}},"yoast_head":"<!-- This site is optimized with the Yoast SEO plugin v19.13 - https:\/\/yoast.com\/wordpress\/plugins\/seo\/ -->\n<title>Milano - Italia - Le Coeur \u00c9l\u00e9phant<\/title>\n<meta name=\"robots\" content=\"index, follow, max-snippet:-1, max-image-preview:large, max-video-preview:-1\" \/>\n<link rel=\"canonical\" href=\"http:\/\/www.lecoeurelephant.com\/milano-italia\/\" \/>\n<meta property=\"og:locale\" content=\"en_GB\" \/>\n<meta property=\"og:type\" content=\"article\" \/>\n<meta property=\"og:title\" content=\"Milano - Italia - Le Coeur \u00c9l\u00e9phant\" \/>\n<meta property=\"og:url\" content=\"http:\/\/www.lecoeurelephant.com\/milano-italia\/\" \/>\n<meta property=\"og:site_name\" content=\"Le Coeur \u00c9l\u00e9phant\" \/>\n<meta property=\"article:published_time\" content=\"2015-06-28T11:25:07+00:00\" \/>\n<meta property=\"article:modified_time\" content=\"2017-04-09T06:59:23+00:00\" \/>\n<meta property=\"og:image\" content=\"http:\/\/www.lecoeurelephant.com\/wp-content\/uploads\/2015\/06\/milan_couv.jpg\" \/>\n\t<meta property=\"og:image:width\" content=\"1200\" \/>\n\t<meta property=\"og:image:height\" content=\"680\" \/>\n\t<meta property=\"og:image:type\" content=\"image\/jpeg\" \/>\n<meta name=\"author\" content=\"Le coeur \u00e9l\u00e9phant\" \/>\n<meta name=\"twitter:card\" content=\"summary_large_image\" \/>\n<meta name=\"twitter:label1\" content=\"Written by\" \/>\n\t<meta name=\"twitter:data1\" content=\"Le coeur \u00e9l\u00e9phant\" \/>\n\t<meta name=\"twitter:label2\" content=\"Est. reading time\" \/>\n\t<meta name=\"twitter:data2\" content=\"8 minutes\" \/>\n<script type=\"application\/ld+json\" class=\"yoast-schema-graph\">{\"@context\":\"https:\/\/schema.org\",\"@graph\":[{\"@type\":\"WebPage\",\"@id\":\"http:\/\/www.lecoeurelephant.com\/milano-italia\/\",\"url\":\"http:\/\/www.lecoeurelephant.com\/milano-italia\/\",\"name\":\"Milano - Italia - Le Coeur \u00c9l\u00e9phant\",\"isPartOf\":{\"@id\":\"http:\/\/www.lecoeurelephant.com\/#website\"},\"datePublished\":\"2015-06-28T11:25:07+00:00\",\"dateModified\":\"2017-04-09T06:59:23+00:00\",\"author\":{\"@id\":\"http:\/\/www.lecoeurelephant.com\/#\/schema\/person\/b10684d7842fa6dd79109f669939305f\"},\"breadcrumb\":{\"@id\":\"http:\/\/www.lecoeurelephant.com\/milano-italia\/#breadcrumb\"},\"inLanguage\":\"en-GB\",\"potentialAction\":[{\"@type\":\"ReadAction\",\"target\":[\"http:\/\/www.lecoeurelephant.com\/milano-italia\/\"]}]},{\"@type\":\"BreadcrumbList\",\"@id\":\"http:\/\/www.lecoeurelephant.com\/milano-italia\/#breadcrumb\",\"itemListElement\":[{\"@type\":\"ListItem\",\"position\":1,\"name\":\"Accueil\",\"item\":\"http:\/\/www.lecoeurelephant.com\/\"},{\"@type\":\"ListItem\",\"position\":2,\"name\":\"Milano &#8211; Italia\"}]},{\"@type\":\"WebSite\",\"@id\":\"http:\/\/www.lecoeurelephant.com\/#website\",\"url\":\"http:\/\/www.lecoeurelephant.com\/\",\"name\":\"Le Coeur \u00c9l\u00e9phant\",\"description\":\"Travelers bloggers - our impressions, advices and travel tips\",\"potentialAction\":[{\"@type\":\"SearchAction\",\"target\":{\"@type\":\"EntryPoint\",\"urlTemplate\":\"http:\/\/www.lecoeurelephant.com\/?s={search_term_string}\"},\"query-input\":\"required name=search_term_string\"}],\"inLanguage\":\"en-GB\"},{\"@type\":\"Person\",\"@id\":\"http:\/\/www.lecoeurelephant.com\/#\/schema\/person\/b10684d7842fa6dd79109f669939305f\",\"name\":\"Le coeur \u00e9l\u00e9phant\",\"image\":{\"@type\":\"ImageObject\",\"inLanguage\":\"en-GB\",\"@id\":\"http:\/\/www.lecoeurelephant.com\/#\/schema\/person\/image\/\",\"url\":\"http:\/\/1.gravatar.com\/avatar\/4246950f495d34d3e192100b6594f780?s=96&d=mm&r=g\",\"contentUrl\":\"http:\/\/1.gravatar.com\/avatar\/4246950f495d34d3e192100b6594f780?s=96&d=mm&r=g\",\"caption\":\"Le coeur \u00e9l\u00e9phant\"},\"url\":\"http:\/\/www.lecoeurelephant.com\/gb\/author\/le_coeur_elephant\/\"}]}<\/script>\n<!-- \/ Yoast SEO plugin. -->","yoast_head_json":{"title":"Milano - Italia - Le Coeur \u00c9l\u00e9phant","robots":{"index":"index","follow":"follow","max-snippet":"max-snippet:-1","max-image-preview":"max-image-preview:large","max-video-preview":"max-video-preview:-1"},"canonical":"http:\/\/www.lecoeurelephant.com\/milano-italia\/","og_locale":"en_GB","og_type":"article","og_title":"Milano - Italia - Le Coeur \u00c9l\u00e9phant","og_url":"http:\/\/www.lecoeurelephant.com\/milano-italia\/","og_site_name":"Le Coeur \u00c9l\u00e9phant","article_published_time":"2015-06-28T11:25:07+00:00","article_modified_time":"2017-04-09T06:59:23+00:00","og_image":[{"width":1200,"height":680,"url":"http:\/\/www.lecoeurelephant.com\/wp-content\/uploads\/2015\/06\/milan_couv.jpg","type":"image\/jpeg"}],"author":"Le coeur \u00e9l\u00e9phant","twitter_card":"summary_large_image","twitter_misc":{"Written by":"Le coeur \u00e9l\u00e9phant","Est. reading time":"8 minutes"},"schema":{"@context":"https:\/\/schema.org","@graph":[{"@type":"WebPage","@id":"http:\/\/www.lecoeurelephant.com\/milano-italia\/","url":"http:\/\/www.lecoeurelephant.com\/milano-italia\/","name":"Milano - Italia - Le Coeur \u00c9l\u00e9phant","isPartOf":{"@id":"http:\/\/www.lecoeurelephant.com\/#website"},"datePublished":"2015-06-28T11:25:07+00:00","dateModified":"2017-04-09T06:59:23+00:00","author":{"@id":"http:\/\/www.lecoeurelephant.com\/#\/schema\/person\/b10684d7842fa6dd79109f669939305f"},"breadcrumb":{"@id":"http:\/\/www.lecoeurelephant.com\/milano-italia\/#breadcrumb"},"inLanguage":"en-GB","potentialAction":[{"@type":"ReadAction","target":["http:\/\/www.lecoeurelephant.com\/milano-italia\/"]}]},{"@type":"BreadcrumbList","@id":"http:\/\/www.lecoeurelephant.com\/milano-italia\/#breadcrumb","itemListElement":[{"@type":"ListItem","position":1,"name":"Accueil","item":"http:\/\/www.lecoeurelephant.com\/"},{"@type":"ListItem","position":2,"name":"Milano &#8211; Italia"}]},{"@type":"WebSite","@id":"http:\/\/www.lecoeurelephant.com\/#website","url":"http:\/\/www.lecoeurelephant.com\/","name":"Le Coeur \u00c9l\u00e9phant","description":"Travelers bloggers - our impressions, advices and travel tips","potentialAction":[{"@type":"SearchAction","target":{"@type":"EntryPoint","urlTemplate":"http:\/\/www.lecoeurelephant.com\/?s={search_term_string}"},"query-input":"required name=search_term_string"}],"inLanguage":"en-GB"},{"@type":"Person","@id":"http:\/\/www.lecoeurelephant.com\/#\/schema\/person\/b10684d7842fa6dd79109f669939305f","name":"Le coeur \u00e9l\u00e9phant","image":{"@type":"ImageObject","inLanguage":"en-GB","@id":"http:\/\/www.lecoeurelephant.com\/#\/schema\/person\/image\/","url":"http:\/\/1.gravatar.com\/avatar\/4246950f495d34d3e192100b6594f780?s=96&d=mm&r=g","contentUrl":"http:\/\/1.gravatar.com\/avatar\/4246950f495d34d3e192100b6594f780?s=96&d=mm&r=g","caption":"Le coeur \u00e9l\u00e9phant"},"url":"http:\/\/www.lecoeurelephant.com\/gb\/author\/le_coeur_elephant\/"}]}},"jetpack_featured_media_url":"http:\/\/www.lecoeurelephant.com\/wp-content\/uploads\/2015\/06\/milan_couv.jpg","_links":{"self":[{"href":"http:\/\/www.lecoeurelephant.com\/gb\/wp-json\/wp\/v2\/posts\/139"}],"collection":[{"href":"http:\/\/www.lecoeurelephant.com\/gb\/wp-json\/wp\/v2\/posts"}],"about":[{"href":"http:\/\/www.lecoeurelephant.com\/gb\/wp-json\/wp\/v2\/types\/post"}],"author":[{"embeddable":true,"href":"http:\/\/www.lecoeurelephant.com\/gb\/wp-json\/wp\/v2\/users\/1"}],"replies":[{"embeddable":true,"href":"http:\/\/www.lecoeurelephant.com\/gb\/wp-json\/wp\/v2\/comments?post=139"}],"version-history":[{"count":0,"href":"http:\/\/www.lecoeurelephant.com\/gb\/wp-json\/wp\/v2\/posts\/139\/revisions"}],"wp:featuredmedia":[{"embeddable":true,"href":"http:\/\/www.lecoeurelephant.com\/gb\/wp-json\/wp\/v2\/media\/643"}],"wp:attachment":[{"href":"http:\/\/www.lecoeurelephant.com\/gb\/wp-json\/wp\/v2\/media?parent=139"}],"wp:term":[{"taxonomy":"category","embeddable":true,"href":"http:\/\/www.lecoeurelephant.com\/gb\/wp-json\/wp\/v2\/categories?post=139"},{"taxonomy":"post_tag","embeddable":true,"href":"http:\/\/www.lecoeurelephant.com\/gb\/wp-json\/wp\/v2\/tags?post=139"}],"curies":[{"name":"wp","href":"https:\/\/api.w.org\/{rel}","templated":true}]}}