{"id":1975,"date":"2018-06-30T15:27:51","date_gmt":"2018-06-30T13:27:51","guid":{"rendered":"http:\/\/www.lecoeurelephant.com\/?p=1975"},"modified":"2018-10-04T08:55:37","modified_gmt":"2018-10-04T06:55:37","slug":"partagez-vos-recettes-en-van","status":"publish","type":"post","link":"http:\/\/www.lecoeurelephant.com\/gb\/partagez-vos-recettes-en-van\/","title":{"rendered":"Partagez vos recettes en Van !"},"content":{"rendered":"<div>\n<p>Suite \u00e0 notre article sur &#8220;<a href=\"http:\/\/www.lecoeurelephant.com\/petits-plats-vans-nouvelle-zelande\/\">Les petits plats dans les vans<\/a>&#8221; nous avons propos\u00e9 aux vanlifers de <strong>partager LEURS recettes<\/strong> !<br \/>\n<strong>Des recettes simples , r\u00e9alisables<\/strong> <strong>par tous<\/strong> et qui permettront de vous donner des id\u00e9es pour vos prochains road trips.<\/p>\n<h4><strong><span style=\"color: #ff9900;\">La galette feta\/courgette de Marine et Pierre <a href=\"https:\/\/ohmyjetlag.wordpress.com\/\">(Oh my jet lag)<\/a><\/span><\/strong><\/h4>\n<p><img loading=\"lazy\" class=\"alignleft wp-image-2195\" src=\"http:\/\/www.lecoeurelephant.com\/wp-content\/uploads\/2018\/06\/profil_ohmyjetlag-300x300.png\" alt=\"ohmyjetlag\" width=\"132\" height=\"132\" srcset=\"http:\/\/www.lecoeurelephant.com\/wp-content\/uploads\/2018\/06\/profil_ohmyjetlag-300x300.png 300w, http:\/\/www.lecoeurelephant.com\/wp-content\/uploads\/2018\/06\/profil_ohmyjetlag-150x150.png 150w, http:\/\/www.lecoeurelephant.com\/wp-content\/uploads\/2018\/06\/profil_ohmyjetlag.png 564w\" sizes=\"(max-width: 132px) 100vw, 132px\" \/><br \/>\nRetrouvez les aventures de Marine et Pierre sur :<br \/>\nSur Facebook : <a href=\"https:\/\/www.facebook.com\/ohmyjetlagtour\/\">https:\/\/www.facebook.com\/ohmyjetlagtour\/<\/a><br \/>\nSur Instagram : <a href=\"https:\/\/www.instagram.com\/ohmyjetlagtour\/\">https:\/\/www.instagram.com\/ohmyjetlagtour\/<\/a><br \/>\nSur Youtube : <a href=\"https:\/\/www.youtube.com\/channel\/UCoCz_B5T9al5kzPmvFOuYAA\">https:\/\/www.youtube.com\/channel\/UCoCz_B5T9al5kzPmvFOuYAA<\/a><\/p>\n<div>\n<h5><\/h5>\n<h5><span style=\"color: #ff9900;\"><strong><br \/>\nMat\u00e9riel<\/strong><\/span><\/h5>\n<ul>\n<li>Une r\u00e2pe \u00e0 fromage<\/li>\n<li>Un petit saladier<\/li>\n<li>Une spatule en bois<\/li>\n<li>Une po\u00eale<\/li>\n<li>Un couvercle<\/li>\n<\/ul>\n<\/div>\n<div>\n<h5><span style=\"color: #ff9900;\"><strong>Recette<\/strong><\/span><\/h5>\n<\/div>\n<table>\n<tbody>\n<tr>\n<td width=\"201\">\n<ul>\n<li>2 oeufs<\/li>\n<li>1 courgette (ou brocolis, c\u2019est moins cher en Nouvelle-Z\u00e9lande)<\/li>\n<li>Farine (jusqu\u2019\u00e0 obtenir une p\u00e2te \u00e0 beignets)<\/li>\n<\/ul>\n<\/td>\n<td width=\"201\">\n<ul>\n<li>Feta coup\u00e9e en d\u00e9s (100g)<\/li>\n<li>1 gousse d\u2019ail \u00e9minc\u00e9e<\/li>\n<li>Ciboulette<\/li>\n<li>Sel\/poivre<\/li>\n<\/ul>\n<\/td>\n<td rowspan=\"2\" width=\"201\"><img loading=\"lazy\" class=\"alignleft size-medium wp-image-2196\" src=\"http:\/\/www.lecoeurelephant.com\/wp-content\/uploads\/2018\/06\/courgette_feta-300x193.jpg\" alt=\"courgette_feta\" width=\"300\" height=\"193\" srcset=\"http:\/\/www.lecoeurelephant.com\/wp-content\/uploads\/2018\/06\/courgette_feta-300x193.jpg 300w, http:\/\/www.lecoeurelephant.com\/wp-content\/uploads\/2018\/06\/courgette_feta.jpg 624w\" sizes=\"(max-width: 300px) 100vw, 300px\" \/><\/td>\n<\/tr>\n<tr>\n<td colspan=\"2\" width=\"403\">1. M\u00e9langer les oeufs, la courgette r\u00e2p\u00e9e (ou en rondelles fines), l\u2019ail, puis y ajouter la farine jusqu\u2019\u00e0 obtenir une p\u00e2te \u00e0 beignet (ni trop liquide, ni trop \u00e9paisse). Plus, il y aura de farine plus la galette sera dense<\/td>\n<\/tr>\n<tr>\n<td colspan=\"3\" width=\"604\">2. Ajouter au m\u00e9lange la feta, sans chercher \u00e0 l\u2019incorporer compl\u00e8tement \u00e0 la p\u00e2te. Saler, poivrer, cibouletter =)<\/td>\n<\/tr>\n<tr>\n<td colspan=\"3\" width=\"604\">3. Faire une galette de 1 \u00e0 2 cm d\u2019\u00e9paisseur dans une po\u00eale pr\u00e9alablement huil\u00e9e et bien chaude<\/td>\n<\/tr>\n<tr>\n<td colspan=\"3\" width=\"604\">4. A feu moyen, faites cuire la galette avec un couvercle pour ne pas la dess\u00e9cher. Faites dorer de chaque c\u00f4t\u00e9, c\u2019est pr\u00eat !<\/td>\n<\/tr>\n<\/tbody>\n<\/table>\n<\/div>\n<div>\n<h4><strong><span style=\"color: #ff9900;\">Petit d\u00e9j \u2013 Mix entre France et Japon \u2013 de Marine et Pierre <a href=\"https:\/\/ohmyjetlag.wordpress.com\/\">(Oh my jet lag)<\/a><\/span><\/strong><\/h4>\n<div>\n<h5><span style=\"color: #ff9900;\"><strong>Mat\u00e9riel<\/strong><\/span><\/h5>\n<ul>\n<li>Une casserole<\/li>\n<li>Une passoire<\/li>\n<li>Deux bols<\/li>\n<\/ul>\n<\/div>\n<div>\n<h5><span style=\"color: #ff9900;\"><strong>Recette<\/strong><\/span><\/h5>\n<\/div>\n<table>\n<tbody>\n<tr>\n<td width=\"201\">\n<ul>\n<li>Riz blanc collant<\/li>\n<li>Lait de soja (ou lait de vache),<\/li>\n<li>Un peu de sucre ou de miel,<\/li>\n<\/ul>\n<\/td>\n<td width=\"201\">\n<ul>\n<li>1 fruit au choix (banane, kiwi, baies)<\/li>\n<li>Un peu de cannelle sur le dessus<\/li>\n<\/ul>\n<\/td>\n<td rowspan=\"2\" width=\"201\"><img loading=\"lazy\" class=\"alignleft size-medium wp-image-2197\" src=\"http:\/\/www.lecoeurelephant.com\/wp-content\/uploads\/2018\/06\/dej-300x193.jpg\" alt=\"dej\" width=\"300\" height=\"193\" srcset=\"http:\/\/www.lecoeurelephant.com\/wp-content\/uploads\/2018\/06\/dej-300x193.jpg 300w, http:\/\/www.lecoeurelephant.com\/wp-content\/uploads\/2018\/06\/dej.jpg 624w\" sizes=\"(max-width: 300px) 100vw, 300px\" \/><\/td>\n<\/tr>\n<tr>\n<td colspan=\"2\" width=\"403\">1. Faire cuire le riz<\/td>\n<\/tr>\n<tr>\n<td colspan=\"3\" width=\"604\">2. Incorporer le riz chaud aux autres ingr\u00e9dients (lait, sucre, fruit, cannelle) et c\u2019est parti pour 4h sans avoir faim !<\/td>\n<\/tr>\n<tr>\n<td colspan=\"3\" width=\"604\">Variantes. Dans le m\u00eame genre, changez le riz par des c\u00e9r\u00e9ales, du muesli, ou encore du porridge.<\/td>\n<\/tr>\n<\/tbody>\n<\/table>\n<\/div>\n<div>\n<hr \/>\n<h4><strong><span style=\"color: #ff9900;\">Le poulet curry de Margaux et Mathieu (<a style=\"color: #ff9900;\" href=\"https:\/\/www.facebook.com\/directionvague\/\">direction vague<\/a>)<\/span><\/strong><\/h4>\n<p><img loading=\"lazy\" class=\" wp-image-1989 alignleft\" src=\"http:\/\/www.lecoeurelephant.com\/wp-content\/uploads\/2018\/06\/profil_direction-vague-300x300.png\" alt=\"\" width=\"132\" height=\"132\" srcset=\"http:\/\/www.lecoeurelephant.com\/wp-content\/uploads\/2018\/06\/profil_direction-vague-300x300.png 300w, http:\/\/www.lecoeurelephant.com\/wp-content\/uploads\/2018\/06\/profil_direction-vague-150x150.png 150w, http:\/\/www.lecoeurelephant.com\/wp-content\/uploads\/2018\/06\/profil_direction-vague.png 564w\" sizes=\"(max-width: 132px) 100vw, 132px\" \/><br \/>\nRetrouvez les aventures de Margaux et Mathieu sur :<br \/>\nSur Facebook :\u00a0<a href=\"https:\/\/www.facebook.com\/directionvague\/\" target=\"_blank\" rel=\"noopener undefined\" data-content=\"https:\/\/www.facebook.com\/directionvague\/\" data-type=\"external\">https:\/\/www.facebook.com\/directionvague\/<\/a><br \/>\nSur Instagram :\u00a0<a href=\"https:\/\/www.instagram.com\/directionvague\/\" target=\"_blank\" rel=\"noopener undefined\" data-content=\"https:\/\/www.instagram.com\/directionvague\/\" data-type=\"external\">https:\/\/www.instagram.com\/directionvague\/<\/a><\/p>\n<div>\n<h5><\/h5>\n<h5><span style=\"color: #ff9900;\"><strong><br \/>\nMat\u00e9riel<\/strong><\/span><\/h5>\n<\/div>\n<ul>\n<li>Une po\u00eale<\/li>\n<li>Une casserole<\/li>\n<li>Une passoire<\/li>\n<li>Une planche \u00e0 d\u00e9couper<\/li>\n<\/ul>\n<div>\n<h5><span style=\"color: #ff9900;\"><strong>Recette<\/strong><\/span><\/h5>\n<\/div>\n<table>\n<tbody>\n<tr>\n<td width=\"201\">\n<ul>\n<li>2 filets de poulet (ou de dinde)<\/li>\n<li>1 petit pot de cr\u00e8me fraiche (25cl)<\/li>\n<li>1 oignon<\/li>\n<\/ul>\n<\/td>\n<td width=\"201\">\n<ul>\n<li>Sucre de canne<\/li>\n<li>Curry<\/li>\n<li>Cumin<\/li>\n<li>Riz ou pates<\/li>\n<\/ul>\n<\/td>\n<td rowspan=\"2\" width=\"201\"><img loading=\"lazy\" class=\"alignright size-medium wp-image-1991\" src=\"http:\/\/www.lecoeurelephant.com\/wp-content\/uploads\/2018\/06\/curry-300x193.jpg\" alt=\"\" width=\"300\" height=\"193\" srcset=\"http:\/\/www.lecoeurelephant.com\/wp-content\/uploads\/2018\/06\/curry-300x193.jpg 300w, http:\/\/www.lecoeurelephant.com\/wp-content\/uploads\/2018\/06\/curry.jpg 624w\" sizes=\"(max-width: 300px) 100vw, 300px\" \/><\/td>\n<\/tr>\n<tr>\n<td colspan=\"2\" width=\"403\">1. Coupez l\u2019oignon et le poulet en petit morceaux. Faites-les cuire dans une po\u00eale \u00e0 feu fort en remuant. Lorsque le poulet est cuit, ajoutez du sucre, et continuez \u00e0 remuer pour faire caram\u00e9liser les oignons.<br \/>\nEn m\u00eame temps, mettez la casserole \u00e0 chauffer avec de l\u2019eau. D\u00e8s que l\u2019eau bout, ajoutez le riz ou les p\u00e2tes et laisser cuire.<\/td>\n<\/tr>\n<tr>\n<td colspan=\"3\" width=\"604\">2. Baissez \u00e0 feu doux et mettez un peu de cumin et du curry dans la po\u00eale. Remuez, puis ajoutez ensuite la cr\u00e8me fraiche et continuez \u00e0 remuer. Rajoutez du curry ou de la cr\u00e8me jusqu\u2019\u00e0 ce que la sauce ait le gout que vous souhaitez.<\/td>\n<\/tr>\n<tr>\n<td colspan=\"3\" width=\"604\">3. Salez, poivrez, servez, et d\u00e9gustez !<\/td>\n<\/tr>\n<\/tbody>\n<\/table>\n<\/div>\n<div>\n<hr \/>\n<\/div>\n<div><\/div>\n<div>\n<h4><strong><span style=\"color: #ff9900;\">Les pancakes v\u00e9ganes de Laura (<a style=\"color: #ff9900;\" href=\"https:\/\/deuxevades.com\/\">Les \u00e9vad\u00e9s<\/a>)<\/span><\/strong><\/h4>\n<h4><img loading=\"lazy\" class=\" wp-image-1979 alignleft\" src=\"http:\/\/www.lecoeurelephant.com\/wp-content\/uploads\/2018\/06\/profil_evades-300x300.png\" alt=\"\" width=\"132\" height=\"132\" srcset=\"http:\/\/www.lecoeurelephant.com\/wp-content\/uploads\/2018\/06\/profil_evades-300x300.png 300w, http:\/\/www.lecoeurelephant.com\/wp-content\/uploads\/2018\/06\/profil_evades-150x150.png 150w, http:\/\/www.lecoeurelephant.com\/wp-content\/uploads\/2018\/06\/profil_evades.png 564w\" sizes=\"(max-width: 132px) 100vw, 132px\" \/><\/h4>\n<p>Retrouvez les aventures de Laura et Pierre sur :<br \/>\nSur Facebook : <a href=\"https:\/\/www.facebook.com\/deuxevades\/\">https:\/\/www.facebook.com\/deuxevades\/<\/a><br \/>\nSur Instagram : <a href=\"https:\/\/www.instagram.com\/deuxevades\/\">https:\/\/www.instagram.com\/deuxevades\/<\/a><br \/>\nSur Youtube : <a href=\"https:\/\/www.youtube.com\/channel\/UCJD6wYwfDivrbSdNcXYEbBQ\">https:\/\/www.youtube.com\/channel\/UCJD6wYwfDivrbSdNcXYEbBQ<\/a><\/p>\n<h5><\/h5>\n<h5><span style=\"color: #ff9900;\"><strong><br \/>\nMat\u00e9riel<\/strong><\/span><\/h5>\n<ul>\n<li>Un saladier<\/li>\n<li>Une fourchette<\/li>\n<li>Une po\u00eale antiadh\u00e9sive (si possible)<\/li>\n<li>Une louche<\/li>\n<li>Une spatule plate en bois<\/li>\n<\/ul>\n<h5><span style=\"color: #ff9900;\"><strong>Recette<\/strong><\/span><\/h5>\n<table>\n<tbody>\n<tr>\n<td width=\"201\">\n<ul>\n<li>1 banane bien m\u00fbre<\/li>\n<li>20 cuill\u00e8res \u00e0 soupe bomb\u00e9es de farine<\/li>\n<\/ul>\n<\/td>\n<td width=\"201\">\n<ul>\n<li>10 cuill\u00e8res \u00e0 soupe de flocon d\u2019avoine (rapide ou traditionnel)<\/li>\n<li>de l\u2019eau<\/li>\n<\/ul>\n<\/td>\n<td rowspan=\"2\" width=\"201\"><img loading=\"lazy\" class=\"alignright size-medium wp-image-1985\" src=\"http:\/\/www.lecoeurelephant.com\/wp-content\/uploads\/2018\/06\/pancake_vegan-300x193.jpg\" alt=\"\" width=\"300\" height=\"193\" srcset=\"http:\/\/www.lecoeurelephant.com\/wp-content\/uploads\/2018\/06\/pancake_vegan-300x193.jpg 300w, http:\/\/www.lecoeurelephant.com\/wp-content\/uploads\/2018\/06\/pancake_vegan.jpg 624w\" sizes=\"(max-width: 300px) 100vw, 300px\" \/><\/td>\n<\/tr>\n<tr>\n<td colspan=\"2\" width=\"403\">1. Epluchez et d\u00e9coupez la banane dans le saladier. Bien l\u2019\u00e9craser avec la fourchette jusqu\u2019\u00e0 devenir une p\u00e2te plus ou moins lisse.<\/td>\n<\/tr>\n<tr>\n<td colspan=\"3\" width=\"604\">2. Ajoutez la farine et l\u2019avoine et bien m\u00e9langer avec la fourchette.<\/td>\n<\/tr>\n<tr>\n<td colspan=\"3\" width=\"604\">3. Ajoutez un peu d\u2019eau puis remuez avec la fourchette. Continuez l\u2019op\u00e9ration jusqu\u2019\u00e0 obtention d\u2019une p\u00e2te pas trop liquide. Plus \u00e9paisse qu\u2019une p\u00e2te \u00e0 cr\u00eapes. J\u2019ajoute environ 500\u00a0ml d\u2019eau.<\/p>\n<p>(La recette peut se faire la veille. Dans ce cas, l\u2019avoine aura s\u00fbrement absorb\u00e9 l\u2019eau alors rajoutez-en un peu)<\/td>\n<\/tr>\n<tr>\n<td colspan=\"3\" width=\"604\">4. La cuisson. Faites chauffer la po\u00eale \u00e0 feu moyen. Ajoutez un petit peu d\u2019huile neutre si n\u00e9cessaire. Quand la po\u00eale est bien chaude, remplir une louche de p\u00e2te et la verser dedans. Quand les bords paraissent cuits, retournez les pancakes. La cuisson est assez rapide. Attention \u00e0 bien surveiller pour ne pas les br\u00fbler.<\/td>\n<\/tr>\n<tr>\n<td colspan=\"3\" width=\"604\">5. D\u00e9gustez chaud avec de la confiture ou nature\u2009!<\/td>\n<\/tr>\n<\/tbody>\n<\/table>\n<\/div>\n<hr \/>\n<p><strong>Un grand merci \u00e0 eux pour le partage de ces supers recettes.<\/strong><\/p>\n<h5><span style=\"color: #ff9900;\"><strong>Si vous aussi vous souhaitez partagez vos recettes dans cette article collaboratif, n&#8217;h\u00e9sitez pas \u00e0 nous contacter<\/strong> : <\/span><a href=\"http:\/\/www.lecoeurelephant.com\/contact\/\"><span style=\"color: #ff9900;\">contact@lecoeurelephant.com<\/span><\/a><\/h5>\n<p>Retrouvez aussi nos astuces et recettes pour cuisiner en van dans notre article : <a href=\"http:\/\/www.lecoeurelephant.com\/petits-plats-vans-nouvelle-zelande\/\"><strong>les petits plats dans les vans<\/strong><\/a><\/p>\n<p>Bon app\u00e9tit sur les routes !<\/p>\n","protected":false},"excerpt":{"rendered":"<p>Suite \u00e0 notre article sur &#8220;Les petits plats dans les vans&#8221; nous avons propos\u00e9 aux vanlifers de partager LEURS recettes ! Des recettes simples , r\u00e9alisables par tous et qui permettront de vous donner des id\u00e9es pour vos prochains road trips. La galette feta\/courgette de Marine et Pierre (Oh my jet lag) Retrouvez les aventures [&hellip;]<\/p>\n","protected":false},"author":1,"featured_media":2025,"comment_status":"open","ping_status":"open","sticky":false,"template":"","format":"standard","meta":{"spay_email":""},"categories":[38],"tags":[],"translation":{"provider":"WPGlobus","version":"3.0.1","language":"gb","enabled_languages":["fr","gb"],"languages":{"fr":{"title":true,"content":true,"excerpt":false},"gb":{"title":false,"content":false,"excerpt":false}}},"yoast_head":"<!-- This site is optimized with the Yoast SEO plugin v19.13 - https:\/\/yoast.com\/wordpress\/plugins\/seo\/ -->\n<title>Partagez vos recettes en Van ! - Le Coeur \u00c9l\u00e9phant<\/title>\n<meta name=\"robots\" content=\"index, follow, max-snippet:-1, max-image-preview:large, max-video-preview:-1\" \/>\n<link rel=\"canonical\" href=\"https:\/\/www.lecoeurelephant.com\/partagez-vos-recettes-en-van\/\" \/>\n<meta property=\"og:locale\" content=\"en_GB\" \/>\n<meta property=\"og:type\" content=\"article\" \/>\n<meta property=\"og:title\" content=\"Partagez vos recettes en Van ! - Le Coeur \u00c9l\u00e9phant\" \/>\n<meta property=\"og:url\" content=\"https:\/\/www.lecoeurelephant.com\/partagez-vos-recettes-en-van\/\" \/>\n<meta property=\"og:site_name\" content=\"Le Coeur \u00c9l\u00e9phant\" \/>\n<meta property=\"article:published_time\" content=\"2018-06-30T13:27:51+00:00\" \/>\n<meta property=\"article:modified_time\" content=\"2018-10-04T06:55:37+00:00\" \/>\n<meta property=\"og:image\" content=\"https:\/\/www.lecoeurelephant.com\/wp-content\/uploads\/2018\/06\/recettes_vanlifers.jpg\" \/>\n\t<meta property=\"og:image:width\" content=\"1200\" \/>\n\t<meta property=\"og:image:height\" content=\"680\" \/>\n\t<meta property=\"og:image:type\" content=\"image\/jpeg\" \/>\n<meta name=\"author\" content=\"Le coeur \u00e9l\u00e9phant\" \/>\n<meta name=\"twitter:card\" content=\"summary_large_image\" \/>\n<meta name=\"twitter:label1\" content=\"Written by\" \/>\n\t<meta name=\"twitter:data1\" content=\"Le coeur \u00e9l\u00e9phant\" \/>\n\t<meta name=\"twitter:label2\" content=\"Est. reading time\" \/>\n\t<meta name=\"twitter:data2\" content=\"4 minutes\" \/>\n<script type=\"application\/ld+json\" class=\"yoast-schema-graph\">{\"@context\":\"https:\/\/schema.org\",\"@graph\":[{\"@type\":\"WebPage\",\"@id\":\"https:\/\/www.lecoeurelephant.com\/partagez-vos-recettes-en-van\/\",\"url\":\"https:\/\/www.lecoeurelephant.com\/partagez-vos-recettes-en-van\/\",\"name\":\"Partagez vos recettes en Van ! - Le Coeur \u00c9l\u00e9phant\",\"isPartOf\":{\"@id\":\"http:\/\/www.lecoeurelephant.com\/#website\"},\"datePublished\":\"2018-06-30T13:27:51+00:00\",\"dateModified\":\"2018-10-04T06:55:37+00:00\",\"author\":{\"@id\":\"http:\/\/www.lecoeurelephant.com\/#\/schema\/person\/b10684d7842fa6dd79109f669939305f\"},\"breadcrumb\":{\"@id\":\"https:\/\/www.lecoeurelephant.com\/partagez-vos-recettes-en-van\/#breadcrumb\"},\"inLanguage\":\"en-GB\",\"potentialAction\":[{\"@type\":\"ReadAction\",\"target\":[\"https:\/\/www.lecoeurelephant.com\/partagez-vos-recettes-en-van\/\"]}]},{\"@type\":\"BreadcrumbList\",\"@id\":\"https:\/\/www.lecoeurelephant.com\/partagez-vos-recettes-en-van\/#breadcrumb\",\"itemListElement\":[{\"@type\":\"ListItem\",\"position\":1,\"name\":\"Accueil\",\"item\":\"http:\/\/www.lecoeurelephant.com\/\"},{\"@type\":\"ListItem\",\"position\":2,\"name\":\"Partagez vos recettes en Van !\"}]},{\"@type\":\"WebSite\",\"@id\":\"http:\/\/www.lecoeurelephant.com\/#website\",\"url\":\"http:\/\/www.lecoeurelephant.com\/\",\"name\":\"Le Coeur \u00c9l\u00e9phant\",\"description\":\"Travelers bloggers - our impressions, advices and travel tips\",\"potentialAction\":[{\"@type\":\"SearchAction\",\"target\":{\"@type\":\"EntryPoint\",\"urlTemplate\":\"http:\/\/www.lecoeurelephant.com\/?s={search_term_string}\"},\"query-input\":\"required name=search_term_string\"}],\"inLanguage\":\"en-GB\"},{\"@type\":\"Person\",\"@id\":\"http:\/\/www.lecoeurelephant.com\/#\/schema\/person\/b10684d7842fa6dd79109f669939305f\",\"name\":\"Le coeur \u00e9l\u00e9phant\",\"image\":{\"@type\":\"ImageObject\",\"inLanguage\":\"en-GB\",\"@id\":\"http:\/\/www.lecoeurelephant.com\/#\/schema\/person\/image\/\",\"url\":\"http:\/\/1.gravatar.com\/avatar\/4246950f495d34d3e192100b6594f780?s=96&d=mm&r=g\",\"contentUrl\":\"http:\/\/1.gravatar.com\/avatar\/4246950f495d34d3e192100b6594f780?s=96&d=mm&r=g\",\"caption\":\"Le coeur \u00e9l\u00e9phant\"},\"url\":\"http:\/\/www.lecoeurelephant.com\/gb\/author\/le_coeur_elephant\/\"}]}<\/script>\n<!-- \/ Yoast SEO plugin. -->","yoast_head_json":{"title":"Partagez vos recettes en Van ! - Le Coeur \u00c9l\u00e9phant","robots":{"index":"index","follow":"follow","max-snippet":"max-snippet:-1","max-image-preview":"max-image-preview:large","max-video-preview":"max-video-preview:-1"},"canonical":"https:\/\/www.lecoeurelephant.com\/partagez-vos-recettes-en-van\/","og_locale":"en_GB","og_type":"article","og_title":"Partagez vos recettes en Van ! - Le Coeur \u00c9l\u00e9phant","og_url":"https:\/\/www.lecoeurelephant.com\/partagez-vos-recettes-en-van\/","og_site_name":"Le Coeur \u00c9l\u00e9phant","article_published_time":"2018-06-30T13:27:51+00:00","article_modified_time":"2018-10-04T06:55:37+00:00","og_image":[{"width":1200,"height":680,"url":"https:\/\/www.lecoeurelephant.com\/wp-content\/uploads\/2018\/06\/recettes_vanlifers.jpg","type":"image\/jpeg"}],"author":"Le coeur \u00e9l\u00e9phant","twitter_card":"summary_large_image","twitter_misc":{"Written by":"Le coeur \u00e9l\u00e9phant","Est. reading time":"4 minutes"},"schema":{"@context":"https:\/\/schema.org","@graph":[{"@type":"WebPage","@id":"https:\/\/www.lecoeurelephant.com\/partagez-vos-recettes-en-van\/","url":"https:\/\/www.lecoeurelephant.com\/partagez-vos-recettes-en-van\/","name":"Partagez vos recettes en Van ! - Le Coeur \u00c9l\u00e9phant","isPartOf":{"@id":"http:\/\/www.lecoeurelephant.com\/#website"},"datePublished":"2018-06-30T13:27:51+00:00","dateModified":"2018-10-04T06:55:37+00:00","author":{"@id":"http:\/\/www.lecoeurelephant.com\/#\/schema\/person\/b10684d7842fa6dd79109f669939305f"},"breadcrumb":{"@id":"https:\/\/www.lecoeurelephant.com\/partagez-vos-recettes-en-van\/#breadcrumb"},"inLanguage":"en-GB","potentialAction":[{"@type":"ReadAction","target":["https:\/\/www.lecoeurelephant.com\/partagez-vos-recettes-en-van\/"]}]},{"@type":"BreadcrumbList","@id":"https:\/\/www.lecoeurelephant.com\/partagez-vos-recettes-en-van\/#breadcrumb","itemListElement":[{"@type":"ListItem","position":1,"name":"Accueil","item":"http:\/\/www.lecoeurelephant.com\/"},{"@type":"ListItem","position":2,"name":"Partagez vos recettes en Van !"}]},{"@type":"WebSite","@id":"http:\/\/www.lecoeurelephant.com\/#website","url":"http:\/\/www.lecoeurelephant.com\/","name":"Le Coeur \u00c9l\u00e9phant","description":"Travelers bloggers - our impressions, advices and travel tips","potentialAction":[{"@type":"SearchAction","target":{"@type":"EntryPoint","urlTemplate":"http:\/\/www.lecoeurelephant.com\/?s={search_term_string}"},"query-input":"required name=search_term_string"}],"inLanguage":"en-GB"},{"@type":"Person","@id":"http:\/\/www.lecoeurelephant.com\/#\/schema\/person\/b10684d7842fa6dd79109f669939305f","name":"Le coeur \u00e9l\u00e9phant","image":{"@type":"ImageObject","inLanguage":"en-GB","@id":"http:\/\/www.lecoeurelephant.com\/#\/schema\/person\/image\/","url":"http:\/\/1.gravatar.com\/avatar\/4246950f495d34d3e192100b6594f780?s=96&d=mm&r=g","contentUrl":"http:\/\/1.gravatar.com\/avatar\/4246950f495d34d3e192100b6594f780?s=96&d=mm&r=g","caption":"Le coeur \u00e9l\u00e9phant"},"url":"http:\/\/www.lecoeurelephant.com\/gb\/author\/le_coeur_elephant\/"}]}},"jetpack_featured_media_url":"http:\/\/www.lecoeurelephant.com\/wp-content\/uploads\/2018\/06\/recettes_vanlifers.jpg","_links":{"self":[{"href":"http:\/\/www.lecoeurelephant.com\/gb\/wp-json\/wp\/v2\/posts\/1975"}],"collection":[{"href":"http:\/\/www.lecoeurelephant.com\/gb\/wp-json\/wp\/v2\/posts"}],"about":[{"href":"http:\/\/www.lecoeurelephant.com\/gb\/wp-json\/wp\/v2\/types\/post"}],"author":[{"embeddable":true,"href":"http:\/\/www.lecoeurelephant.com\/gb\/wp-json\/wp\/v2\/users\/1"}],"replies":[{"embeddable":true,"href":"http:\/\/www.lecoeurelephant.com\/gb\/wp-json\/wp\/v2\/comments?post=1975"}],"version-history":[{"count":0,"href":"http:\/\/www.lecoeurelephant.com\/gb\/wp-json\/wp\/v2\/posts\/1975\/revisions"}],"wp:featuredmedia":[{"embeddable":true,"href":"http:\/\/www.lecoeurelephant.com\/gb\/wp-json\/wp\/v2\/media\/2025"}],"wp:attachment":[{"href":"http:\/\/www.lecoeurelephant.com\/gb\/wp-json\/wp\/v2\/media?parent=1975"}],"wp:term":[{"taxonomy":"category","embeddable":true,"href":"http:\/\/www.lecoeurelephant.com\/gb\/wp-json\/wp\/v2\/categories?post=1975"},{"taxonomy":"post_tag","embeddable":true,"href":"http:\/\/www.lecoeurelephant.com\/gb\/wp-json\/wp\/v2\/tags?post=1975"}],"curies":[{"name":"wp","href":"https:\/\/api.w.org\/{rel}","templated":true}]}}